{"id":186,"date":"2018-04-01T00:00:00","date_gmt":"2018-03-31T22:00:00","guid":{"rendered":"http:\/\/wp1052749.server-he.de\/_clients\/vtheater\/?p=186"},"modified":"2024-03-21T13:14:40","modified_gmt":"2024-03-21T12:14:40","slug":"die-biene-im-kopf-2018","status":"publish","type":"post","link":"https:\/\/vtheater.net\/index.php\/2018\/04\/01\/die-biene-im-kopf-2018\/","title":{"rendered":"Die Biene im Kopf (2018)"},"content":{"rendered":"\n<p>In Roland Schimmelpfennigs Kinderst\u00fcck muss ein Kind die Herausforderungen seines schwierigen Alltags meistern \u2013 wie gut, dass es sich bei Bedarf in eine Biene verwandeln kann\u2026 aber kann es das wirklich? <\/p>\n\n\n\n<figure class=\"wp-block-embed is-type-video is-provider-youtube wp-block-embed-youtube wp-embed-aspect-16-9 wp-has-aspect-ratio\"><div class=\"wp-block-embed__wrapper\">\n<iframe loading=\"lazy\" title=\"Die Biene im Kopf - Theater an der Parkaue, Berlin\" width=\"700\" height=\"394\" src=\"https:\/\/www.youtube.com\/embed\/qZyETAoH_mo?feature=oembed\" frameborder=\"0\" allow=\"accelerometer; autoplay; clipboard-write; encrypted-media; gyroscope; picture-in-picture; web-share\" allowfullscreen><\/iframe>\n<\/div><\/figure>\n\n\n\n<p>In Zusammenarbeit mit Regisseur Martin Gr\u00fcnheit (dessen Klassenzimmerst\u00fcck \u201eZwischeneinander\u201c vom Deutschen Theater Berlin wir schon f\u00fcr eine kurze VR-Szene nutzen durften) entwickeln wir eine Theatermaschine, ein digitales Totaltheater, in dem die Schauspielerinnen in Echtzeit zu den Sch\u00f6pfern aller Bild- und Vorstellungswelten werden. Mithilfe von VR und AR (Augmented Reality) bespielen sie eine B\u00fchne, die kein Vorne oder Hinten mehr kennt, nur noch ein Drinnen. <\/p>\n\n\n\n<p>Unser erstes Stadttheater-Projekt auf einer echten, physischen B\u00fchne, die Mission: \u201eVR ins Theater bringen\u201c.<\/p>\n\n\n\n<figure class=\"wp-block-embed is-type-video is-provider-youtube wp-block-embed-youtube wp-embed-aspect-16-9 wp-has-aspect-ratio\"><div class=\"wp-block-embed__wrapper\">\n<iframe loading=\"lazy\" title=\"Theater als VR Spektakel (deutsch)\" width=\"700\" height=\"394\" src=\"https:\/\/www.youtube.com\/embed\/Mi2YbdXTjK0?feature=oembed\" frameborder=\"0\" allow=\"accelerometer; autoplay; clipboard-write; encrypted-media; gyroscope; picture-in-picture; web-share\" allowfullscreen><\/iframe>\n<\/div><\/figure>\n\n\n\n<p><strong>Credits<\/strong><br>Regie\/B\u00fchne: Martin Gr\u00fcnheit <br>VR (Konzept, Entwicklung, B\u00fchne): CyberR\u00e4uber (Marcel Karnapke, Bj\u00f6rn Lengers) <br>Kost\u00fcm: Imke Paulick <br>Musik: Colin Hacklander &amp; Farahnaz Hatam <br>Dramaturgie: Bernadette Binner, Karola Marsch <br>Mit Jessica Gadani, Tim Riedel, Andrej von Sallwitz<\/p>\n\n\n\n<p><strong>Partner<\/strong><br>Theater an der Parkaue, Berlin<\/p>\n\n\n\n<figure class=\"wp-block-embed is-type-wp-embed is-provider-die-deutsche-b-hne wp-block-embed-die-deutsche-b-hne\"><div class=\"wp-block-embed__wrapper\">\n<blockquote class=\"wp-embedded-content\" data-secret=\"XEbhxsQgY7\"><a href=\"https:\/\/www.die-deutsche-buehne.de\/leseprobe\/digitale-erzaehler\/\">Digitale Erz\u00e4hler<\/a><\/blockquote><iframe loading=\"lazy\" class=\"wp-embedded-content\" sandbox=\"allow-scripts\" security=\"restricted\" style=\"position: absolute; clip: rect(1px, 1px, 1px, 1px);\" title=\"&#8222;Digitale Erz\u00e4hler&#8220; &#8212; Die Deutsche B\u00fchne\" src=\"https:\/\/www.die-deutsche-buehne.de\/leseprobe\/digitale-erzaehler\/embed\/#?secret=tiU25flTD6#?secret=XEbhxsQgY7\" data-secret=\"XEbhxsQgY7\" width=\"600\" height=\"338\" frameborder=\"0\" marginwidth=\"0\" marginheight=\"0\" scrolling=\"no\"><\/iframe>\n<\/div><\/figure>\n\n\n\n<figure class=\"wp-block-embed is-type-wp-embed is-provider-stage-and-screen wp-block-embed-stage-and-screen\"><div class=\"wp-block-embed__wrapper\">\n<blockquote class=\"wp-embedded-content\" data-secret=\"IB00UVUrQ0\"><a href=\"https:\/\/stagescreen.wordpress.com\/2018\/04\/29\/fliegen-lernen\/\">Fliegen lernen<\/a><\/blockquote><iframe loading=\"lazy\" class=\"wp-embedded-content\" sandbox=\"allow-scripts\" security=\"restricted\" style=\"position: absolute; clip: rect(1px, 1px, 1px, 1px);\" title=\"&#8222;Fliegen lernen&#8220; &#8212; Stage and Screen\" src=\"https:\/\/stagescreen.wordpress.com\/2018\/04\/29\/fliegen-lernen\/embed\/#?secret=HmAhLAAeAB#?secret=IB00UVUrQ0\" data-secret=\"IB00UVUrQ0\" width=\"600\" height=\"338\" frameborder=\"0\" marginwidth=\"0\" marginheight=\"0\" scrolling=\"no\"><\/iframe>\n<\/div><\/figure>\n","protected":false},"excerpt":{"rendered":"<p class=\"post-excerpt\">In Roland Schimmelpfennigs Kinderst\u00fcck muss ein Kind die Herausforderungen seines schwierigen Alltags meistern \u2013 wie gut, dass es sich bei&#8230;<\/p>\n","protected":false},"author":2,"featured_media":187,"comment_status":"closed","ping_status":"open","sticky":false,"template":"","format":"standard","meta":{"footnotes":""},"categories":[24],"tags":[30,23,19,46,29,26,45,10,11],"class_list":["post-186","post","type-post","status-publish","format-standard","has-post-thumbnail","hentry","category-theater","tag-360-video","tag-3d-zeichnung","tag-6-dof","tag-augmented-reality","tag-buehnenbild","tag-hybrid","tag-kindertheater","tag-theater","tag-virtual-reality"],"_links":{"self":[{"href":"https:\/\/vtheater.net\/index.php\/wp-json\/wp\/v2\/posts\/186","targetHints":{"allow":["GET"]}}],"collection":[{"href":"https:\/\/vtheater.net\/index.php\/wp-json\/wp\/v2\/posts"}],"about":[{"href":"https:\/\/vtheater.net\/index.php\/wp-json\/wp\/v2\/types\/post"}],"author":[{"embeddable":true,"href":"https:\/\/vtheater.net\/index.php\/wp-json\/wp\/v2\/users\/2"}],"replies":[{"embeddable":true,"href":"https:\/\/vtheater.net\/index.php\/wp-json\/wp\/v2\/comments?post=186"}],"version-history":[{"count":3,"href":"https:\/\/vtheater.net\/index.php\/wp-json\/wp\/v2\/posts\/186\/revisions"}],"predecessor-version":[{"id":297,"href":"https:\/\/vtheater.net\/index.php\/wp-json\/wp\/v2\/posts\/186\/revisions\/297"}],"wp:featuredmedia":[{"embeddable":true,"href":"https:\/\/vtheater.net\/index.php\/wp-json\/wp\/v2\/media\/187"}],"wp:attachment":[{"href":"https:\/\/vtheater.net\/index.php\/wp-json\/wp\/v2\/media?parent=186"}],"wp:term":[{"taxonomy":"category","embeddable":true,"href":"https:\/\/vtheater.net\/index.php\/wp-json\/wp\/v2\/categories?post=186"},{"taxonomy":"post_tag","embeddable":true,"href":"https:\/\/vtheater.net\/index.php\/wp-json\/wp\/v2\/tags?post=186"}],"curies":[{"name":"wp","href":"https:\/\/api.w.org\/{rel}","templated":true}]}}