{"id":392,"date":"2023-10-01T00:00:00","date_gmt":"2023-09-30T22:00:00","guid":{"rendered":"http:\/\/wp1052749.server-he.de\/_clients\/vtheater\/?p=392"},"modified":"2025-09-03T15:29:20","modified_gmt":"2025-09-03T13:29:20","slug":"palast-der-erinnerung-iii-2023","status":"publish","type":"post","link":"https:\/\/vtheater.net\/index.php\/2023\/10\/01\/palast-der-erinnerung-iii-2023\/","title":{"rendered":"Palast der Erinnerung III (2023)"},"content":{"rendered":"\n<p>Palast der Erinnerung III ist eine VR-Erfahrung, in der BesucherInnen den Palast der Republik erneut betreten und erleben k\u00f6nnen. <\/p>\n\n\n\n<p>Im Rahmen des Themenwochenendes &#8222;Kulturpal\u00e4ste&#8220; erkunden wir die Rolle und Funktion des Palast der Republik als Kulturpalast der DDR, als Veranstaltungsort sowohl von Galas, gro\u00dfen Shows und Konzerten, wie auch der Parteikongresse der Sozialistischen Einheitspartei Deutschlands. <\/p>\n\n\n\n<p>Der Palast der Republik war ein ikonisches Geb\u00e4ude in der Hauptstadt der DDR. Mit ihm verbinden sich nicht nur historische Ereignisse, sondern auch viele pers\u00f6nliche Erinnerungen. Er wurde 1976 er\u00f6ffnet und 2008 abgerissen, an seiner Stelle steht nun das Humboldtforum. Palast der Erinnerung ist eine langj\u00e4hrige Kooperation mit der Stiftung Humboldtforum im Berliner Schloss, eine Rekonstruktion und Auseinandersetzung mit dem Palast der Republik.<\/p>\n\n\n\n<p><strong>Credits<\/strong><br>K\u00fcnstlerische Leitung, technische Umsetzung und Sound: CyberR\u00e4uber<\/p>\n\n\n\n<p><strong>Partner<\/strong><br>Stiftung Humboldtforum im Berliner Schloss<\/p>\n","protected":false},"excerpt":{"rendered":"<p class=\"post-excerpt\">Palast der Erinnerung III ist eine VR-Erfahrung, in der BesucherInnen den Palast der Republik erneut betreten und erleben k\u00f6nnen. Im&#8230;<\/p>\n","protected":false},"author":2,"featured_media":393,"comment_status":"closed","ping_status":"open","sticky":false,"template":"","format":"standard","meta":{"footnotes":""},"categories":[7],"tags":[19,50,81,31,49,51,11],"class_list":["post-392","post","type-post","status-publish","format-standard","has-post-thumbnail","hentry","category-projekte","tag-6-dof","tag-architektur","tag-erinnerung","tag-experience","tag-mobile-vr","tag-rekonstruktion","tag-virtual-reality"],"_links":{"self":[{"href":"https:\/\/vtheater.net\/index.php\/wp-json\/wp\/v2\/posts\/392","targetHints":{"allow":["GET"]}}],"collection":[{"href":"https:\/\/vtheater.net\/index.php\/wp-json\/wp\/v2\/posts"}],"about":[{"href":"https:\/\/vtheater.net\/index.php\/wp-json\/wp\/v2\/types\/post"}],"author":[{"embeddable":true,"href":"https:\/\/vtheater.net\/index.php\/wp-json\/wp\/v2\/users\/2"}],"replies":[{"embeddable":true,"href":"https:\/\/vtheater.net\/index.php\/wp-json\/wp\/v2\/comments?post=392"}],"version-history":[{"count":2,"href":"https:\/\/vtheater.net\/index.php\/wp-json\/wp\/v2\/posts\/392\/revisions"}],"predecessor-version":[{"id":699,"href":"https:\/\/vtheater.net\/index.php\/wp-json\/wp\/v2\/posts\/392\/revisions\/699"}],"wp:featuredmedia":[{"embeddable":true,"href":"https:\/\/vtheater.net\/index.php\/wp-json\/wp\/v2\/media\/393"}],"wp:attachment":[{"href":"https:\/\/vtheater.net\/index.php\/wp-json\/wp\/v2\/media?parent=392"}],"wp:term":[{"taxonomy":"category","embeddable":true,"href":"https:\/\/vtheater.net\/index.php\/wp-json\/wp\/v2\/categories?post=392"},{"taxonomy":"post_tag","embeddable":true,"href":"https:\/\/vtheater.net\/index.php\/wp-json\/wp\/v2\/tags?post=392"}],"curies":[{"name":"wp","href":"https:\/\/api.w.org\/{rel}","templated":true}]}}