{"id":410,"date":"2024-06-15T09:01:02","date_gmt":"2024-06-15T07:01:02","guid":{"rendered":"http:\/\/wp1052749.server-he.de\/_clients\/vtheater\/?p=410"},"modified":"2025-09-04T10:34:09","modified_gmt":"2025-09-04T08:34:09","slug":"palast-der-erinnerung-die-macht-der-bilder-2024","status":"publish","type":"post","link":"https:\/\/vtheater.net\/index.php\/2024\/06\/15\/palast-der-erinnerung-die-macht-der-bilder-2024\/","title":{"rendered":"Palast der Erinnerung &#8211; Die Macht der Bilder (2024)"},"content":{"rendered":"\n<p>Der Palast der Republik ist ein Geb\u00e4ude und ein Symbol, das heute nur noch nur noch in den K\u00f6pfen existiert. Doch Erinnerungen sind unzuverl\u00e4ssig, l\u00fcckenhaft, manchmal verkl\u00e4rend. Und sie k\u00f6nnen sich ver\u00e4ndern, und auch ver\u00e4ndert oder ganz neu erschaffen werden.<\/p>\n\n\n\n<p>Im \u201ePalast der Erinnerung\u201c \u00fcberlagern sich die Erinnerungswelten der Menschen mit neuen Bildern und Erfahrungen. In k\u00fcnstlichen neuronalen Netzen (KI) verbergen sich eine unendliche Zahl bislang unentdeckter Bilder und Erz\u00e4hlungen, die unser Verst\u00e4ndnis von Wahrheit und unseren wandelbaren Erinnerungen auf die Probe stellen. Mit k\u00fcnstlerischer Naivit\u00e4t stellt diese partizipative Installation Fragen \u00fcber historischen Wahrheiten, \u00fcber pers\u00f6nliche und gesellschaftliche Geschichte, und \u00fcber die Macht der Bilder.<\/p>\n\n\n\n<figure class=\"wp-block-image size-large\"><img loading=\"lazy\" decoding=\"async\" width=\"1024\" height=\"574\" src=\"https:\/\/vtheater.net\/wp-content\/uploads\/2024\/05\/7929518217364805_a-1024x574.png\" alt=\"\" class=\"wp-image-526\" srcset=\"https:\/\/vtheater.net\/wp-content\/uploads\/2024\/05\/7929518217364805_a-1024x574.png 1024w, https:\/\/vtheater.net\/wp-content\/uploads\/2024\/05\/7929518217364805_a-300x168.png 300w, https:\/\/vtheater.net\/wp-content\/uploads\/2024\/05\/7929518217364805_a-768x430.png 768w, https:\/\/vtheater.net\/wp-content\/uploads\/2024\/05\/7929518217364805_a-1536x861.png 1536w, https:\/\/vtheater.net\/wp-content\/uploads\/2024\/05\/7929518217364805_a-2048x1148.png 2048w, https:\/\/vtheater.net\/wp-content\/uploads\/2024\/05\/7929518217364805_a-1140x639.png 1140w\" sizes=\"auto, (max-width: 1024px) 100vw, 1024px\" \/><\/figure>\n\n\n\n<p>Die Cyberr\u00e4uber sammeln in diesem Raum die Erinnerungen und Vorstellungen der Besucher*innen des \u201ePalastes der Erinnerung\u201c. Die Besucher*innen hinterlassen Szenen aus dem Ged\u00e4chtnis, Erinnerungen oder kleine Geschichten an den Palast der Republik auf Zetteln oder am Telefon. Diese Hinterlassenschaften sind Impuls f\u00fcr neu geschaffene Bilder, mit denen die Installation im Humboldt Forum alle zwei Monate aktualisiert wird. Die Erinnerungen und Vorstellungen der Besucher*innen werden so zu neuen Bildern einer m\u00f6glichen Vergangenheit, Gegenwart oder Zukunft eines Palastes, den es nie gegeben hat.<\/p>\n\n\n\n<p>Die gro\u00dffl\u00e4chige Projektionen, ein Fototisch und die Mixed Reality Erfahrung bilden zusammen einen immersiven und interaktiven M\u00f6glichkeitsraum, eine Wunderkammer der gemeinsamen Erinnerungsarbeit.<\/p>\n\n\n\n<p>Er\u00f6ffnung der Installation mit Mixed Reality Erfahrung am 15. Juni 2024 im Humboldtforum, Berlin.<\/p>\n\n\n\n<figure class=\"wp-block-gallery has-nested-images columns-default is-cropped wp-block-gallery-1 is-layout-flex wp-block-gallery-is-layout-flex\">\n<figure class=\"wp-block-image size-large\"><img loading=\"lazy\" decoding=\"async\" width=\"1024\" height=\"683\" data-id=\"693\" src=\"https:\/\/vtheater.net\/wp-content\/uploads\/2024\/06\/SHF_eb00233462-1024x683.jpg\" alt=\"\" class=\"wp-image-693\" srcset=\"https:\/\/vtheater.net\/wp-content\/uploads\/2024\/06\/SHF_eb00233462-1024x683.jpg 1024w, https:\/\/vtheater.net\/wp-content\/uploads\/2024\/06\/SHF_eb00233462-300x200.jpg 300w, https:\/\/vtheater.net\/wp-content\/uploads\/2024\/06\/SHF_eb00233462-768x512.jpg 768w, https:\/\/vtheater.net\/wp-content\/uploads\/2024\/06\/SHF_eb00233462-1140x761.jpg 1140w, https:\/\/vtheater.net\/wp-content\/uploads\/2024\/06\/SHF_eb00233462.jpg 1280w\" sizes=\"auto, (max-width: 1024px) 100vw, 1024px\" \/><\/figure>\n\n\n\n<figure class=\"wp-block-image size-large\"><img loading=\"lazy\" decoding=\"async\" width=\"1024\" height=\"682\" data-id=\"694\" src=\"https:\/\/vtheater.net\/wp-content\/uploads\/2024\/06\/SHF_eb00233382-1024x682.jpg\" alt=\"\" class=\"wp-image-694\" srcset=\"https:\/\/vtheater.net\/wp-content\/uploads\/2024\/06\/SHF_eb00233382-1024x682.jpg 1024w, https:\/\/vtheater.net\/wp-content\/uploads\/2024\/06\/SHF_eb00233382-300x200.jpg 300w, https:\/\/vtheater.net\/wp-content\/uploads\/2024\/06\/SHF_eb00233382-768x512.jpg 768w, https:\/\/vtheater.net\/wp-content\/uploads\/2024\/06\/SHF_eb00233382-1140x760.jpg 1140w, https:\/\/vtheater.net\/wp-content\/uploads\/2024\/06\/SHF_eb00233382.jpg 1280w\" sizes=\"auto, (max-width: 1024px) 100vw, 1024px\" \/><\/figure>\n\n\n\n<figure class=\"wp-block-image size-large\"><img loading=\"lazy\" decoding=\"async\" width=\"1024\" height=\"682\" data-id=\"692\" src=\"https:\/\/vtheater.net\/wp-content\/uploads\/2024\/06\/SHF_eb00233460-1024x682.jpg\" alt=\"\" class=\"wp-image-692\" srcset=\"https:\/\/vtheater.net\/wp-content\/uploads\/2024\/06\/SHF_eb00233460-1024x682.jpg 1024w, https:\/\/vtheater.net\/wp-content\/uploads\/2024\/06\/SHF_eb00233460-300x200.jpg 300w, https:\/\/vtheater.net\/wp-content\/uploads\/2024\/06\/SHF_eb00233460-768x512.jpg 768w, https:\/\/vtheater.net\/wp-content\/uploads\/2024\/06\/SHF_eb00233460-1140x760.jpg 1140w, https:\/\/vtheater.net\/wp-content\/uploads\/2024\/06\/SHF_eb00233460.jpg 1280w\" sizes=\"auto, (max-width: 1024px) 100vw, 1024px\" \/><\/figure>\n\n\n\n<figure class=\"wp-block-image size-large\"><img loading=\"lazy\" decoding=\"async\" width=\"1024\" height=\"682\" data-id=\"691\" src=\"https:\/\/vtheater.net\/wp-content\/uploads\/2024\/06\/SHF_eb00226193-1024x682.jpg\" alt=\"\" class=\"wp-image-691\" srcset=\"https:\/\/vtheater.net\/wp-content\/uploads\/2024\/06\/SHF_eb00226193-1024x682.jpg 1024w, https:\/\/vtheater.net\/wp-content\/uploads\/2024\/06\/SHF_eb00226193-300x200.jpg 300w, https:\/\/vtheater.net\/wp-content\/uploads\/2024\/06\/SHF_eb00226193-768x512.jpg 768w, https:\/\/vtheater.net\/wp-content\/uploads\/2024\/06\/SHF_eb00226193-1140x760.jpg 1140w, https:\/\/vtheater.net\/wp-content\/uploads\/2024\/06\/SHF_eb00226193.jpg 1280w\" sizes=\"auto, (max-width: 1024px) 100vw, 1024px\" \/><\/figure>\n\n\n\n<figure class=\"wp-block-image size-large\"><img loading=\"lazy\" decoding=\"async\" width=\"1024\" height=\"683\" data-id=\"695\" src=\"https:\/\/vtheater.net\/wp-content\/uploads\/2024\/06\/SHF_eb00233473-1024x683.jpg\" alt=\"\" class=\"wp-image-695\" srcset=\"https:\/\/vtheater.net\/wp-content\/uploads\/2024\/06\/SHF_eb00233473-1024x683.jpg 1024w, https:\/\/vtheater.net\/wp-content\/uploads\/2024\/06\/SHF_eb00233473-300x200.jpg 300w, https:\/\/vtheater.net\/wp-content\/uploads\/2024\/06\/SHF_eb00233473-768x512.jpg 768w, https:\/\/vtheater.net\/wp-content\/uploads\/2024\/06\/SHF_eb00233473-1140x761.jpg 1140w, https:\/\/vtheater.net\/wp-content\/uploads\/2024\/06\/SHF_eb00233473.jpg 1280w\" sizes=\"auto, (max-width: 1024px) 100vw, 1024px\" \/><\/figure>\n<\/figure>\n\n\n\n<p><\/p>\n","protected":false},"excerpt":{"rendered":"<p class=\"post-excerpt\">Der Palast der Republik ist ein Geb\u00e4ude und ein Symbol, das heute nur noch nur noch in den K\u00f6pfen existiert&#8230;.<\/p>\n","protected":false},"author":2,"featured_media":692,"comment_status":"closed","ping_status":"open","sticky":false,"template":"","format":"standard","meta":{"footnotes":""},"categories":[82],"tags":[19,81,31,47,60,61,27,49],"class_list":["post-410","post","type-post","status-publish","format-standard","has-post-thumbnail","hentry","category-mixed-reality-experience","tag-6-dof","tag-erinnerung","tag-experience","tag-installation","tag-ki","tag-kuenstliche-intelligenz","tag-mixed-reality","tag-mobile-vr"],"_links":{"self":[{"href":"https:\/\/vtheater.net\/index.php\/wp-json\/wp\/v2\/posts\/410","targetHints":{"allow":["GET"]}}],"collection":[{"href":"https:\/\/vtheater.net\/index.php\/wp-json\/wp\/v2\/posts"}],"about":[{"href":"https:\/\/vtheater.net\/index.php\/wp-json\/wp\/v2\/types\/post"}],"author":[{"embeddable":true,"href":"https:\/\/vtheater.net\/index.php\/wp-json\/wp\/v2\/users\/2"}],"replies":[{"embeddable":true,"href":"https:\/\/vtheater.net\/index.php\/wp-json\/wp\/v2\/comments?post=410"}],"version-history":[{"count":8,"href":"https:\/\/vtheater.net\/index.php\/wp-json\/wp\/v2\/posts\/410\/revisions"}],"predecessor-version":[{"id":702,"href":"https:\/\/vtheater.net\/index.php\/wp-json\/wp\/v2\/posts\/410\/revisions\/702"}],"wp:featuredmedia":[{"embeddable":true,"href":"https:\/\/vtheater.net\/index.php\/wp-json\/wp\/v2\/media\/692"}],"wp:attachment":[{"href":"https:\/\/vtheater.net\/index.php\/wp-json\/wp\/v2\/media?parent=410"}],"wp:term":[{"taxonomy":"category","embeddable":true,"href":"https:\/\/vtheater.net\/index.php\/wp-json\/wp\/v2\/categories?post=410"},{"taxonomy":"post_tag","embeddable":true,"href":"https:\/\/vtheater.net\/index.php\/wp-json\/wp\/v2\/tags?post=410"}],"curies":[{"name":"wp","href":"https:\/\/api.w.org\/{rel}","templated":true}]}}